{"id":6522,"date":"2024-10-01T14:00:07","date_gmt":"2024-10-01T14:00:07","guid":{"rendered":"https:\/\/www.kinomuzejs.lv\/?p=6522"},"modified":"2025-05-12T12:31:41","modified_gmt":"2025-05-12T12:31:41","slug":"jauna-izstade-ivara-selecka-iela-selecku-dzimta-un-kino","status":"publish","type":"post","link":"https:\/\/www.kinomuzejs.lv\/lv\/uncategorized\/jauna-izstade-ivara-selecka-iela-selecku-dzimta-un-kino\/","title":{"rendered":"Jauna izst\u0101de &#8211; \u201cIvara Selecka iela. Selecku dzimta un kino\u201d"},"content":{"rendered":"<p><\/p>\n<p style=\"font-weight: 400;\"><strong>Sestdien, 5. oktobr\u012b plkst. 14.00 LKA R\u012bgas Kino muzej\u0101 tiks atkl\u0101ta izst\u0101de \u201cIvara Selecka iela. Selecku dzimta un kino\u201d. Izst\u0101de ieskat\u0101s Ivara Selecka daudzveid\u012bgaj\u0101 darb\u012bb\u0101, st\u0101sta par vi\u0146a film\u0101m un to tap\u0161anu, iepaz\u012bstina ar filmu t\u0113m\u0101m un varo\u0146iem. Izst\u0101d\u0113 apskat\u0101mas unik\u0101las balvas un memori\u0101li priek\u0161meti. <\/strong><\/p>\n<p>22. septembr\u012b Latvijas kino re\u017eisors un operators Ivars Seleckis atz\u012bm\u0113ja 90 gadu jubileju. Septi\u0146as no devi\u0146\u0101m desmitgad\u0113m Ivars Seleckis veidojis filmas un dara to joproj\u0101m. Ivars Seleckis ir \u0101rk\u0101rt\u012bgi noz\u012bm\u012bga person\u012bba Latvijas kult\u016br\u0101, kas l\u012bdz ar saviem kol\u0113\u0123iem rad\u012bjis Latvijas dokument\u0101l\u0101 kino zelta klasiku un izvedis to pasaul\u0113.<\/p>\n<p style=\"font-weight: 400;\">Izst\u0101de st\u0101sta par Ivaru Selecki k\u0101 filmu re\u017eisoru, operatoru un kino notikumu veidot\u0101ju, par\u0101da Selecka daudzpus\u012bgo ieguld\u012bjumu kinom\u0101ksl\u0101. Svar\u012bgas ce\u013ca z\u012bmes izst\u0101d\u0113 ir filmu fragmenti un fotogr\u0101fiskas liec\u012bbas par film\u0101m, to tematiku un varo\u0146iem. Unik\u0101las balvas un memori\u0101li priek\u0161meti (vairums no tiem publiski izst\u0101d\u012bti pirmoreiz) atkl\u0101j re\u017eisora filmu noz\u012bmi un ietekmi Latvijas un pasaules kult\u016br\u0101. Muzej\u0101 b\u016bs apskat\u0101ma viena no visu laiku noz\u012bm\u012bg\u0101kaj\u0101m atzin\u012bb\u0101m Latvijas kinom\u0101kslai \u2013 Eiropas kinoakad\u0113mijas balva \u201cF\u0113likss\u201d gada lab\u0101kajai Eiropas dokument\u0101lajai filmai \u201c\u0160\u0137\u0113rsiela\u201d (1988)! Izst\u0101des ekspon\u0101tu vid\u016b ir objekti no film\u0113\u0161anas viet\u0101m, piem\u0113ram, Gvinej\u0101 un Mongolij\u0101, Selecka cepuru kolekcija un citi darba specifiku raksturojo\u0161i ap\u0123\u0113rbi, piem\u0113ram, bru\u0146u veste.<\/p>\n<p style=\"font-weight: 400;\">Izst\u0101d\u0113 var iepaz\u012bties ar\u012b ar citiem Selecku dzimtas p\u0101rst\u0101vjiem, kas darboju\u0161ies vai turpina darboties Latvijas kinom\u0101ksl\u0101. Maija Selecka k\u0101 mont\u0101\u017eas re\u017eisore str\u0101d\u0101jusi gandr\u012bz pie vis\u0101m Ivara Selecka film\u0101m, un ar\u012b kop\u0101 ar citiem re\u017eisoriem. Digit\u0101l\u0101 kino laikmet\u0101, iesp\u0113jams, daudziem pirmo reizi b\u016bs iesp\u0113ja kl\u0101tien\u0113 redz\u0113t ar\u012b \u012bstu mont\u0101\u017eas galdu, pie kura tapa filmas R\u012bgas Kinostudij\u0101. Ivara Selecka jaun\u0101kais br\u0101lis Andris Seleckis (Andrejs Viesturs Seleckis) bija izcils latvie\u0161u kinooperators. Marta Selecka veido kult\u016bras un izgl\u012bt\u012bbas raid\u012bjumus, 2024. gad\u0101 debit\u0113 ar\u012b k\u0101 kinore\u017eisore. B\u0113rnus izst\u0101d\u0113 iepriecin\u0101s Tutas lietas un sp\u0113le.<\/p>\n<p style=\"font-weight: 400;\">Gan darbodamies ofici\u0101los amatos (Latvijas Kinematogr\u0101fistu savien\u012bbas valdes priek\u0161s\u0113d\u0113t\u0101js, Eiropas dokument\u0101l\u0101 kino simpoziju valdes loceklis, Eiropas Kinoakad\u0113mijas biedrs, u.c.), gan \u0101rpus tiem, Ivars Seleckis vienm\u0113r r\u016bp\u0113jies ar\u012b par Latvijas kino mantojuma saglab\u0101\u0161anu un t\u0101 izv\u0113rt\u0113jumu. Ivars Seleckis bijis l\u012bdz\u0101s R\u012bgas Kino muzeja dibin\u0101\u0161anas br\u012bd\u012b, piedal\u0101s muzeja kr\u0101juma papildin\u0101\u0161an\u0101, vi\u0146\u0161 ir ar\u012b \u0161\u012bs izst\u0101des akt\u012bvs l\u012bdzveidot\u0101js.<\/p>\n<p style=\"font-weight: 400;\">Izst\u0101des dizaina autore ir m\u0101ksliniece Ieva Romanova.<\/p>\n<p style=\"font-weight: 400;\">Izst\u0101de \u201cIvara Selecka iela. Selecku dzimta un kino\u201d R\u012bgas Kino muzej\u0101 b\u016bs apskat\u0101ma l\u012bdz gada beig\u0101m, un t\u0101 ir nosl\u0113dzo\u0161\u0101 izst\u0101de telp\u0101s Vecr\u012bg\u0101 pirms muzeja p\u0101rcel\u0161an\u0101s uz Latvijas Kult\u016bras akad\u0113mijas jaunaj\u0101m telp\u0101m Miera iel\u0101 R\u012bg\u0101.<\/p>\n<p style=\"font-weight: 400;\">Izst\u0101di finansi\u0101li atbalsta Valsts kult\u016brkapit\u0101la fonds.<\/p>\n<p><\/p>","protected":false},"excerpt":{"rendered":"<p>Sestdien, 5. oktobr\u012b plkst. 14.00 LKA R\u012bgas Kino muzej\u0101 tiks atkl\u0101ta izst\u0101de \u201cIvara Selecka iela. Selecku dzimta un kino\u201d. Izst\u0101de ieskat\u0101s Ivara Selecka daudzveid\u012bgaj\u0101 darb\u012bb\u0101, st\u0101sta par vi\u0146a film\u0101m un to tap\u0161anu, iepaz\u012bstina ar filmu t\u0113m\u0101m un varo\u0146iem. Izst\u0101d\u0113 apskat\u0101mas unik\u0101las balvas un memori\u0101li priek\u0161meti. 22. septembr\u012b Latvijas kino re\u017eisors un operators Ivars Seleckis atz\u012bm\u0113ja [&hellip;]<\/p>\n","protected":false},"author":2,"featured_media":6525,"comment_status":"closed","ping_status":"closed","sticky":false,"template":"","format":"standard","meta":{"inline_featured_image":false,"footnotes":""},"categories":[1],"tags":[22],"class_list":["post-6522","post","type-post","status-publish","format-standard","has-post-thumbnail","hentry","category-uncategorized","tag-slideuk"],"yoast_head":"<!-- This site is optimized with the Yoast SEO plugin v26.6 - https:\/\/yoast.com\/wordpress\/plugins\/seo\/ -->\n<title>Jauna izst\u0101de - \u201cIvara Selecka iela. Selecku dzimta un kino\u201d - kinomuzejs<\/title>\n<meta name=\"robots\" content=\"index, follow, max-snippet:-1, max-image-preview:large, max-video-preview:-1\" \/>\n<link rel=\"canonical\" href=\"https:\/\/www.kinomuzejs.lv\/lv\/notikumi\/jauna-izstade-ivara-selecka-iela-selecku-dzimta-un-kino\/\" \/>\n<meta property=\"og:locale\" content=\"lv_LV\" \/>\n<meta property=\"og:type\" content=\"article\" \/>\n<meta property=\"og:title\" content=\"Jauna izst\u0101de - \u201cIvara Selecka iela. Selecku dzimta un kino\u201d - kinomuzejs\" \/>\n<meta property=\"og:description\" content=\"Sestdien, 5. oktobr\u012b plkst. 14.00 LKA R\u012bgas Kino muzej\u0101 tiks atkl\u0101ta izst\u0101de \u201cIvara Selecka iela. Selecku dzimta un kino\u201d. Izst\u0101de ieskat\u0101s Ivara Selecka daudzveid\u012bgaj\u0101 darb\u012bb\u0101, st\u0101sta par vi\u0146a film\u0101m un to tap\u0161anu, iepaz\u012bstina ar filmu t\u0113m\u0101m un varo\u0146iem. Izst\u0101d\u0113 apskat\u0101mas unik\u0101las balvas un memori\u0101li priek\u0161meti. 22. septembr\u012b Latvijas kino re\u017eisors un operators Ivars Seleckis atz\u012bm\u0113ja [&hellip;]\" \/>\n<meta property=\"og:url\" content=\"https:\/\/www.kinomuzejs.lv\/lv\/notikumi\/jauna-izstade-ivara-selecka-iela-selecku-dzimta-un-kino\/\" \/>\n<meta property=\"og:site_name\" content=\"kinomuzejs\" \/>\n<meta property=\"article:published_time\" content=\"2024-10-01T14:00:07+00:00\" \/>\n<meta property=\"article:modified_time\" content=\"2025-05-12T12:31:41+00:00\" \/>\n<meta property=\"og:image\" content=\"https:\/\/www.kinomuzejs.lv\/wp-content\/uploads\/2024\/10\/Seleckis-majas-lapai.png\" \/>\n\t<meta property=\"og:image:width\" content=\"2856\" \/>\n\t<meta property=\"og:image:height\" content=\"1606\" \/>\n\t<meta property=\"og:image:type\" content=\"image\/png\" \/>\n<meta name=\"author\" content=\"Kino Muzejs\" \/>\n<meta name=\"twitter:card\" content=\"summary_large_image\" \/>\n<meta name=\"twitter:label1\" content=\"Written by\" \/>\n\t<meta name=\"twitter:data1\" content=\"Kino Muzejs\" \/>\n\t<meta name=\"twitter:label2\" content=\"Est. reading time\" \/>\n\t<meta name=\"twitter:data2\" content=\"2 minutes\" \/>\n<script type=\"application\/ld+json\" class=\"yoast-schema-graph\">{\"@context\":\"https:\/\/schema.org\",\"@graph\":[{\"@type\":\"WebPage\",\"@id\":\"https:\/\/www.kinomuzejs.lv\/lv\/notikumi\/jauna-izstade-ivara-selecka-iela-selecku-dzimta-un-kino\/\",\"url\":\"https:\/\/www.kinomuzejs.lv\/lv\/notikumi\/jauna-izstade-ivara-selecka-iela-selecku-dzimta-un-kino\/\",\"name\":\"Jauna izst\u0101de - \u201cIvara Selecka iela. Selecku dzimta un kino\u201d - kinomuzejs\",\"isPartOf\":{\"@id\":\"https:\/\/www.kinomuzejs.lv\/lv\/#website\"},\"primaryImageOfPage\":{\"@id\":\"https:\/\/www.kinomuzejs.lv\/lv\/notikumi\/jauna-izstade-ivara-selecka-iela-selecku-dzimta-un-kino\/#primaryimage\"},\"image\":{\"@id\":\"https:\/\/www.kinomuzejs.lv\/notikumi\/jauna-izstade-ivara-selecka-iela-selecku-dzimta-un-kino\/#primaryimage\"},\"thumbnailUrl\":\"https:\/\/www.kinomuzejs.lv\/wp-content\/uploads\/2024\/10\/Seleckis-majas-lapai.png\",\"datePublished\":\"2024-10-01T14:00:07+00:00\",\"dateModified\":\"2025-05-12T12:31:41+00:00\",\"author\":{\"@id\":\"https:\/\/www.kinomuzejs.lv\/#\/schema\/person\/2e7fd1f17c570e186daf519bf1a8daa1\"},\"breadcrumb\":{\"@id\":\"https:\/\/www.kinomuzejs.lv\/lv\/notikumi\/jauna-izstade-ivara-selecka-iela-selecku-dzimta-un-kino\/#breadcrumb\"},\"inLanguage\":\"lv-LV\",\"potentialAction\":[{\"@type\":\"ReadAction\",\"target\":[[\"https:\/\/www.kinomuzejs.lv\/lv\/notikumi\/jauna-izstade-ivara-selecka-iela-selecku-dzimta-un-kino\/\"]]}]},{\"@type\":\"ImageObject\",\"inLanguage\":\"lv-LV\",\"@id\":\"https:\/\/www.kinomuzejs.lv\/lv\/notikumi\/jauna-izstade-ivara-selecka-iela-selecku-dzimta-un-kino\/#primaryimage\",\"url\":\"https:\/\/www.kinomuzejs.lv\/wp-content\/uploads\/2024\/10\/Seleckis-majas-lapai.png\",\"contentUrl\":\"https:\/\/www.kinomuzejs.lv\/wp-content\/uploads\/2024\/10\/Seleckis-majas-lapai.png\",\"width\":2856,\"height\":1606},{\"@type\":\"BreadcrumbList\",\"@id\":\"https:\/\/www.kinomuzejs.lv\/lv\/notikumi\/jauna-izstade-ivara-selecka-iela-selecku-dzimta-un-kino\/#breadcrumb\",\"itemListElement\":[{\"@type\":\"ListItem\",\"position\":1,\"name\":\"Home\",\"item\":\"https:\/\/www.kinomuzejs.lv\/lv\/\"},{\"@type\":\"ListItem\",\"position\":2,\"name\":\"Jauna izst\u0101de &#8211; \u201cIvara Selecka iela. Selecku dzimta un kino\u201d\"}]},{\"@type\":\"WebSite\",\"@id\":\"https:\/\/www.kinomuzejs.lv\/lv\/#website\",\"url\":\"https:\/\/www.kinomuzejs.lv\/lv\/\",\"name\":\"kinomuzejs\",\"description\":\"\",\"potentialAction\":[{\"@type\":\"SearchAction\",\"target\":{\"@type\":\"EntryPoint\",\"urlTemplate\":\"https:\/\/www.kinomuzejs.lv\/lv\/?s={search_term_string}\"},\"query-input\":{\"@type\":\"PropertyValueSpecification\",\"valueRequired\":true,\"valueName\":\"search_term_string\"}}],\"inLanguage\":\"lv-LV\"},{\"@type\":\"Person\",\"@id\":\"https:\/\/www.kinomuzejs.lv\/#\/schema\/person\/2e7fd1f17c570e186daf519bf1a8daa1\",\"name\":\"Kino Muzejs\",\"image\":{\"@type\":\"ImageObject\",\"inLanguage\":\"lv-LV\",\"@id\":\"https:\/\/www.kinomuzejs.lv\/lv\/#\/schema\/person\/image\/\",\"url\":\"https:\/\/secure.gravatar.com\/avatar\/4cf26e1c71fc2920aecf0f05c8b199ad327596bd30e7df90ad121f94f082c0a0?s=96&d=mm&r=g\",\"contentUrl\":\"https:\/\/secure.gravatar.com\/avatar\/4cf26e1c71fc2920aecf0f05c8b199ad327596bd30e7df90ad121f94f082c0a0?s=96&d=mm&r=g\",\"caption\":\"Kino Muzejs\"},\"url\":\"https:\/\/www.kinomuzejs.lv\/lv\/author\/agnese-logina\/\"}]}<\/script>\n<!-- \/ Yoast SEO plugin. -->","yoast_head_json":{"title":"Jauna izst\u0101de - \u201cIvara Selecka iela. Selecku dzimta un kino\u201d - kinomuzejs","robots":{"index":"index","follow":"follow","max-snippet":"max-snippet:-1","max-image-preview":"max-image-preview:large","max-video-preview":"max-video-preview:-1"},"canonical":"https:\/\/www.kinomuzejs.lv\/lv\/notikumi\/jauna-izstade-ivara-selecka-iela-selecku-dzimta-un-kino\/","og_locale":"lv_LV","og_type":"article","og_title":"Jauna izst\u0101de - \u201cIvara Selecka iela. Selecku dzimta un kino\u201d - kinomuzejs","og_description":"Sestdien, 5. oktobr\u012b plkst. 14.00 LKA R\u012bgas Kino muzej\u0101 tiks atkl\u0101ta izst\u0101de \u201cIvara Selecka iela. Selecku dzimta un kino\u201d. Izst\u0101de ieskat\u0101s Ivara Selecka daudzveid\u012bgaj\u0101 darb\u012bb\u0101, st\u0101sta par vi\u0146a film\u0101m un to tap\u0161anu, iepaz\u012bstina ar filmu t\u0113m\u0101m un varo\u0146iem. Izst\u0101d\u0113 apskat\u0101mas unik\u0101las balvas un memori\u0101li priek\u0161meti. 22. septembr\u012b Latvijas kino re\u017eisors un operators Ivars Seleckis atz\u012bm\u0113ja [&hellip;]","og_url":"https:\/\/www.kinomuzejs.lv\/lv\/notikumi\/jauna-izstade-ivara-selecka-iela-selecku-dzimta-un-kino\/","og_site_name":"kinomuzejs","article_published_time":"2024-10-01T14:00:07+00:00","article_modified_time":"2025-05-12T12:31:41+00:00","og_image":[{"width":2856,"height":1606,"url":"https:\/\/www.kinomuzejs.lv\/wp-content\/uploads\/2024\/10\/Seleckis-majas-lapai.png","type":"image\/png"}],"author":"Kino Muzejs","twitter_card":"summary_large_image","twitter_misc":{"Written by":"Kino Muzejs","Est. reading time":"2 minutes"},"schema":{"@context":"https:\/\/schema.org","@graph":[{"@type":"WebPage","@id":"https:\/\/www.kinomuzejs.lv\/lv\/notikumi\/jauna-izstade-ivara-selecka-iela-selecku-dzimta-un-kino\/","url":"https:\/\/www.kinomuzejs.lv\/lv\/notikumi\/jauna-izstade-ivara-selecka-iela-selecku-dzimta-un-kino\/","name":"Jauna izst\u0101de - \u201cIvara Selecka iela. Selecku dzimta un kino\u201d - kinomuzejs","isPartOf":{"@id":"https:\/\/www.kinomuzejs.lv\/lv\/#website"},"primaryImageOfPage":{"@id":"https:\/\/www.kinomuzejs.lv\/lv\/notikumi\/jauna-izstade-ivara-selecka-iela-selecku-dzimta-un-kino\/#primaryimage"},"image":{"@id":"https:\/\/www.kinomuzejs.lv\/notikumi\/jauna-izstade-ivara-selecka-iela-selecku-dzimta-un-kino\/#primaryimage"},"thumbnailUrl":"https:\/\/www.kinomuzejs.lv\/wp-content\/uploads\/2024\/10\/Seleckis-majas-lapai.png","datePublished":"2024-10-01T14:00:07+00:00","dateModified":"2025-05-12T12:31:41+00:00","author":{"@id":"https:\/\/www.kinomuzejs.lv\/#\/schema\/person\/2e7fd1f17c570e186daf519bf1a8daa1"},"breadcrumb":{"@id":"https:\/\/www.kinomuzejs.lv\/lv\/notikumi\/jauna-izstade-ivara-selecka-iela-selecku-dzimta-un-kino\/#breadcrumb"},"inLanguage":"lv-LV","potentialAction":[{"@type":"ReadAction","target":[["https:\/\/www.kinomuzejs.lv\/lv\/notikumi\/jauna-izstade-ivara-selecka-iela-selecku-dzimta-un-kino\/"]]}]},{"@type":"ImageObject","inLanguage":"lv-LV","@id":"https:\/\/www.kinomuzejs.lv\/lv\/notikumi\/jauna-izstade-ivara-selecka-iela-selecku-dzimta-un-kino\/#primaryimage","url":"https:\/\/www.kinomuzejs.lv\/wp-content\/uploads\/2024\/10\/Seleckis-majas-lapai.png","contentUrl":"https:\/\/www.kinomuzejs.lv\/wp-content\/uploads\/2024\/10\/Seleckis-majas-lapai.png","width":2856,"height":1606},{"@type":"BreadcrumbList","@id":"https:\/\/www.kinomuzejs.lv\/lv\/notikumi\/jauna-izstade-ivara-selecka-iela-selecku-dzimta-un-kino\/#breadcrumb","itemListElement":[{"@type":"ListItem","position":1,"name":"Home","item":"https:\/\/www.kinomuzejs.lv\/lv\/"},{"@type":"ListItem","position":2,"name":"Jauna izst\u0101de &#8211; \u201cIvara Selecka iela. Selecku dzimta un kino\u201d"}]},{"@type":"WebSite","@id":"https:\/\/www.kinomuzejs.lv\/lv\/#website","url":"https:\/\/www.kinomuzejs.lv\/lv\/","name":"kinomuzejs","description":"","potentialAction":[{"@type":"SearchAction","target":{"@type":"EntryPoint","urlTemplate":"https:\/\/www.kinomuzejs.lv\/lv\/?s={search_term_string}"},"query-input":{"@type":"PropertyValueSpecification","valueRequired":true,"valueName":"search_term_string"}}],"inLanguage":"lv-LV"},{"@type":"Person","@id":"https:\/\/www.kinomuzejs.lv\/#\/schema\/person\/2e7fd1f17c570e186daf519bf1a8daa1","name":"Kino Muzejs","image":{"@type":"ImageObject","inLanguage":"lv-LV","@id":"https:\/\/www.kinomuzejs.lv\/lv\/#\/schema\/person\/image\/","url":"https:\/\/secure.gravatar.com\/avatar\/4cf26e1c71fc2920aecf0f05c8b199ad327596bd30e7df90ad121f94f082c0a0?s=96&d=mm&r=g","contentUrl":"https:\/\/secure.gravatar.com\/avatar\/4cf26e1c71fc2920aecf0f05c8b199ad327596bd30e7df90ad121f94f082c0a0?s=96&d=mm&r=g","caption":"Kino Muzejs"},"url":"https:\/\/www.kinomuzejs.lv\/lv\/author\/agnese-logina\/"}]}},"acf":[],"_links":{"self":[{"href":"https:\/\/www.kinomuzejs.lv\/lv\/wp-json\/wp\/v2\/posts\/6522","targetHints":{"allow":["GET"]}}],"collection":[{"href":"https:\/\/www.kinomuzejs.lv\/lv\/wp-json\/wp\/v2\/posts"}],"about":[{"href":"https:\/\/www.kinomuzejs.lv\/lv\/wp-json\/wp\/v2\/types\/post"}],"author":[{"embeddable":true,"href":"https:\/\/www.kinomuzejs.lv\/lv\/wp-json\/wp\/v2\/users\/2"}],"replies":[{"embeddable":true,"href":"https:\/\/www.kinomuzejs.lv\/lv\/wp-json\/wp\/v2\/comments?post=6522"}],"version-history":[{"count":6,"href":"https:\/\/www.kinomuzejs.lv\/lv\/wp-json\/wp\/v2\/posts\/6522\/revisions"}],"predecessor-version":[{"id":6740,"href":"https:\/\/www.kinomuzejs.lv\/lv\/wp-json\/wp\/v2\/posts\/6522\/revisions\/6740"}],"wp:featuredmedia":[{"embeddable":true,"href":"https:\/\/www.kinomuzejs.lv\/lv\/wp-json\/wp\/v2\/media\/6525"}],"wp:attachment":[{"href":"https:\/\/www.kinomuzejs.lv\/lv\/wp-json\/wp\/v2\/media?parent=6522"}],"wp:term":[{"taxonomy":"category","embeddable":true,"href":"https:\/\/www.kinomuzejs.lv\/lv\/wp-json\/wp\/v2\/categories?post=6522"},{"taxonomy":"post_tag","embeddable":true,"href":"https:\/\/www.kinomuzejs.lv\/lv\/wp-json\/wp\/v2\/tags?post=6522"}],"curies":[{"name":"wp","href":"https:\/\/api.w.org\/{rel}","templated":true}]}}